{"id":72253,"date":"2025-11-22T01:18:53","date_gmt":"2025-11-22T01:18:53","guid":{"rendered":"https:\/\/www.eurodeco.com.tr\/?p=72253"},"modified":"2025-11-22T01:18:53","modified_gmt":"2025-11-22T01:18:53","slug":"isotretinoin-og-erythromycin-kurs-en-omfattende-guide","status":"publish","type":"post","link":"https:\/\/www.eurodeco.com.tr\/de\/blog\/2025\/11\/22\/isotretinoin-og-erythromycin-kurs-en-omfattende-guide\/","title":{"rendered":"Isotretinoin Og Erythromycin Kurs: En Omfattende Guide"},"content":{"rendered":"<h2>Indholdsfortegnelse<\/h2>\n<ol>\n<li>Introduktion til Isotretinoin og Erythromycin<\/li>\n<li>Behandlingsplan og dosering<\/li>\n<li>Bivirkninger og forholdsregler<\/li>\n<li>Afslutning og anbefalinger<\/li>\n<\/ol>\n<h2>Introduktion til Isotretinoin og Erythromycin<\/h2>\n<p>Isotretinoin er et kraftfuldt l\u00e6gemiddel, der prim\u00e6rt bruges til behandling af sv\u00e6r acne, mens erythromycin er et antibiotikum, der kan bruges til at behandle flere bakterielle infektioner, herunder visse former for acne. Kombinationen af disse to stoffer kan v\u00e6re nyttig for patienter, der lider af modstandsdygtig acne, der ikke har reageret p\u00e5 mere traditionelle behandlinger.<\/p>\n<p>For ikke at v\u00e6lge forkert dosering og plan, l\u00e6s alt om Isotretinoin Og Erythromycin p\u00e5 <a href=\"https:\/\/bbtilskud.com\/klasse\/andre-laegemidler\/isotretinoin-og-erythromycin\/\">https:\/\/bbtilskud.com\/klasse\/andre-laegemidler\/isotretinoin-og-erythromycin\/<\/a> f\u00f8r bestilling.<\/p>\n<h2>Behandlingsplan og dosering<\/h2>\n<p>En korrekt behandlingsplan for isotretinoin og erythromycin er afg\u00f8rende for at opn\u00e5 de bedste resultater. Her er nogle vigtige punkter at overveje:<\/p>\n<ol>\n<li><strong>Indledende konsultation<\/strong>: Det anbefales altid at konsultere en dermatolog f\u00f8r p\u00e5begyndelse af behandling.<\/li>\n<li><strong>Doseringsvejledning<\/strong>: Doseringsanvisninger kan variere afh\u00e6ngigt af acne sv\u00e6rhedsgrad og patientens individuelle reaktion p\u00e5 medicinen.<\/li>\n<li><strong>Tidsramme for behandling<\/strong>: Behandlingsforl\u00f8bet kan str\u00e6kke sig over flere m\u00e5neder og kr\u00e6ver regelm\u00e6ssig opf\u00f8lgning.<\/li>\n<\/ol>\n<h2>Bivirkninger og forholdsregler<\/h2>\n<p>Som med alle l\u00e6gemidler, kan b\u00e5de isotretinoin og erythromycin have bivirkninger. Det er vigtigt at v\u00e6re opm\u00e6rksom p\u00e5 mulige symptomer og s\u00f8ge l\u00e6gehj\u00e6lp, hvis der opst\u00e5r alvorlige reaktioner. Nogle almindelige bivirkninger kan inkludere:<\/p>\n<ul>\n<li>T\u00f8r hud og l\u00e6ber<\/li>\n<li>\u00d8get f\u00f8lsomhed over for sollys<\/li>\n<li>Ford\u00f8jelsesproblemer og kvalme<\/li>\n<\/ul>\n<p>Paciente b\u00f8r informeres om, at kvinder i fertil alder skal anvende effektiv pr\u00e6vention under behandlingen for at forhindre alvorlige fosterskader.<\/p>\n<h2>Afslutning og anbefalinger<\/h2>\n<p>Isotretinoin og erythromycin kan v\u00e6re effektive midler imod sv\u00e6r acne, men det er vigtigt at f\u00f8lge l\u00e6gens anbefalinger n\u00f8je og v\u00e6re opm\u00e6rksom p\u00e5 kroppens reaktioner. Med den rette vejledning kan disse behandlinger hj\u00e6lpe med at forbedre hudens tilstand betydeligt.<\/p>","protected":false},"excerpt":{"rendered":"<p>Indholdsfortegnelse Introduktion til Isotretinoin og Erythromycin Behandlingsplan og dosering Bivirkninger og forholdsregler Afslutning og anbefalinger Introduktion til Isotretinoin og Erythromycin<\/p>","protected":false},"author":1,"featured_media":0,"comment_status":"closed","ping_status":"open","sticky":false,"template":"","format":"standard","meta":{"footnotes":""},"categories":[1],"tags":[],"class_list":["post-72253","post","type-post","status-publish","format-standard","hentry","category-uncategorized"],"_links":{"self":[{"href":"https:\/\/www.eurodeco.com.tr\/de\/wp-json\/wp\/v2\/posts\/72253","targetHints":{"allow":["GET"]}}],"collection":[{"href":"https:\/\/www.eurodeco.com.tr\/de\/wp-json\/wp\/v2\/posts"}],"about":[{"href":"https:\/\/www.eurodeco.com.tr\/de\/wp-json\/wp\/v2\/types\/post"}],"author":[{"embeddable":true,"href":"https:\/\/www.eurodeco.com.tr\/de\/wp-json\/wp\/v2\/users\/1"}],"replies":[{"embeddable":true,"href":"https:\/\/www.eurodeco.com.tr\/de\/wp-json\/wp\/v2\/comments?post=72253"}],"version-history":[{"count":1,"href":"https:\/\/www.eurodeco.com.tr\/de\/wp-json\/wp\/v2\/posts\/72253\/revisions"}],"predecessor-version":[{"id":72254,"href":"https:\/\/www.eurodeco.com.tr\/de\/wp-json\/wp\/v2\/posts\/72253\/revisions\/72254"}],"wp:attachment":[{"href":"https:\/\/www.eurodeco.com.tr\/de\/wp-json\/wp\/v2\/media?parent=72253"}],"wp:term":[{"taxonomy":"category","embeddable":true,"href":"https:\/\/www.eurodeco.com.tr\/de\/wp-json\/wp\/v2\/categories?post=72253"},{"taxonomy":"post_tag","embeddable":true,"href":"https:\/\/www.eurodeco.com.tr\/de\/wp-json\/wp\/v2\/tags?post=72253"}],"curies":[{"name":"wp","href":"https:\/\/api.w.org\/{rel}","templated":true}]}}